{"id":1319,"date":"2025-04-08T08:33:41","date_gmt":"2025-04-08T08:33:41","guid":{"rendered":"https:\/\/zora-aurora.com\/?p=1319"},"modified":"2025-09-15T10:53:34","modified_gmt":"2025-09-15T10:53:34","slug":"simpozij-tradicionalnih-vedenj-rdeca-musnica-amanita-muscaria","status":"publish","type":"post","link":"https:\/\/zora-aurora.com\/?p=1319","title":{"rendered":"Simpozij tradicionalnih v\u00e9denj: Rde\u010da mu\u0161nica (Amanita muscaria)"},"content":{"rendered":"\n<figure class=\"wp-block-image size-large\"><img loading=\"lazy\" decoding=\"async\" width=\"892\" height=\"1024\" src=\"https:\/\/zora-aurora.com\/wp-content\/uploads\/2025\/04\/AMANITAm-892x1024.jpg\" alt=\"\" class=\"wp-image-1322\" srcset=\"https:\/\/zora-aurora.com\/wp-content\/uploads\/2025\/04\/AMANITAm-892x1024.jpg 892w, https:\/\/zora-aurora.com\/wp-content\/uploads\/2025\/04\/AMANITAm-261x300.jpg 261w, https:\/\/zora-aurora.com\/wp-content\/uploads\/2025\/04\/AMANITAm-768x882.jpg 768w, https:\/\/zora-aurora.com\/wp-content\/uploads\/2025\/04\/AMANITAm.jpg 922w\" sizes=\"auto, (max-width: 892px) 100vw, 892px\" \/><\/figure>\n\n\n\n<p><strong>Datum: <\/strong>2. in 3. avgust 2025<strong><br>Lokacija<\/strong>: Kmetija Dobrovc na Dobrovljah pri Mozirju<br><strong>Organizator: <\/strong>Skupnost Zora<\/p>\n\n\n\n<h4 class=\"wp-block-heading\"><strong>OPIS DOGODKA:<\/strong><\/h4>\n\n\n\n<p>Dogodek je namenjen izobra\u017eevanju in dru\u017eenju na temo rde\u010de mu\u0161nice, ki je imela pomembno vlogo v tradicionalnih obredih tako pri nas kot drugod po svetu. \u017de najstarej\u0161i zapisi v Rig vedah so omenjali napitek iz rde\u010de mu\u0161nice kot pija\u010do bogov, ki je sve\u010denikom podelila nesmrtnost in sre\u010danje s svetlobo bo\u017eanskega. Kot so se izgubili obredi prehoda, tako se je izgubila tudi \u0161ir\u0161a praksa uporabe rde\u010de mu\u0161nice. Neupravi\u010deno, saj ima veliko zdravilnih in spiritualnih u\u010dinkov. Na simpoziju se bomo spoznali s to skrivnostno gobo v vsej njeni veli\u010dini.<\/p>\n\n\n\n<p>Simpozij je sestavljen iz dveh delov.<\/p>\n\n\n\n<p>V prvem delu, ki bo potekal v soboto 2.8.2025 \u010dez dan, bodo tematska predavanja za radovedne\u017ee, ki bi \u017eeleli spoznati lastnosti rde\u010de mu\u0161nice. Predavanja so namenjena izobra\u017eevanju in osve\u0161\u010danju. Spremljali vas bodo \u0161tirje predavatelji, ki bodo podelili znanje s svojega podro\u010dja dela in tudi lastne izku\u0161nje pri uporabi rde\u010de mu\u0161nice, in sicer:<\/p>\n\n\n\n<ul class=\"wp-block-list\">\n<li>zna\u010dilnosti gob in lastnosti <em>Amanite muscaria<\/em>,<\/li>\n\n\n\n<li>pregled zgodovinskih in miti\u010dnih dejstev povezanih z rde\u010do mu\u0161nico,<\/li>\n\n\n\n<li>u\u010dinkovanje rde\u010de mu\u0161nice na \u010dloveka in njegove mo\u017egane, ter<\/li>\n\n\n\n<li>predstavitev epidemiolo\u0161kih raziskav mikrodoziranja z <em>Amanito muscaria<\/em>.<\/li>\n<\/ul>\n\n\n\n<p>Kdor pa \u010duti, da je poklican v globljo povezavo z rde\u010do mu\u0161nico, je vabljen, da se udele\u017ei tudi drugega dela simpozija, kjer bomo v okviru vodenega obreda z rde\u010do mu\u0161nico krepili povezave s to \u010darobno gobo in hkrati tudi med nami samimi. Ve\u010derni obred bo potekal v soboto 2.8. od 18. ure naprej, z mo\u017enostjo spanja na seniku in jutranjo izmenjavo mnenj glede osebne izku\u0161nje.<\/p>\n\n\n\n<p>Dogodek se bo izvajal v divjini hribovskega gozda, na manj\u0161i ekolo\u0161ki kmetiji.<\/p>\n\n\n\n<p>Tekom dogodka bo potekal tudi sejem tematskih izdelkov.<\/p>\n\n\n\n<figure class=\"wp-block-image size-large\"><img loading=\"lazy\" decoding=\"async\" width=\"768\" height=\"1024\" src=\"https:\/\/zora-aurora.com\/wp-content\/uploads\/2025\/04\/Dve-768x1024.jpg\" alt=\"\" class=\"wp-image-1320\" srcset=\"https:\/\/zora-aurora.com\/wp-content\/uploads\/2025\/04\/Dve-768x1024.jpg 768w, https:\/\/zora-aurora.com\/wp-content\/uploads\/2025\/04\/Dve-225x300.jpg 225w, https:\/\/zora-aurora.com\/wp-content\/uploads\/2025\/04\/Dve.jpg 1080w\" sizes=\"auto, (max-width: 768px) 100vw, 768px\" \/><\/figure>\n\n\n\n<hr class=\"wp-block-separator has-alpha-channel-opacity\"\/>\n\n\n\n<h3 class=\"wp-block-heading\"> 1. del: IZOBRA\u017dEVALNA PREDAVANJA<\/h3>\n\n\n\n<p><em><strong>2.8.2025 od 10h do 18h<\/strong><\/em><\/p>\n\n\n\n<h4 class=\"wp-block-heading\"><strong>Program predavanj:<\/strong><\/h4>\n\n\n\n<p>SOBOTA<br>10.00 \u2013 10.30 Prihod<br>10.30 \u2013 11.30 Predavanje Lado Rot: <em>\u00bbKraljestvo gob in soo\u010denje z Rde\u010do mu\u0161nico\u00ab<\/em><br>11.45 \u2013 12.45 Predavanje Simon Prosen: <em>\u00bbSkrivnostna Rde\u010da mu\u0161nica\u00ab<\/em><br>13.00 \u2013 14.00 Vegansko kosilo<br>14.00 \u2013 15.00 Predavanje Dunja Perko: <em>\u00bbU\u010dinki rde\u010de mu\u0161nice in njena uporaba\u00ab<\/em><br>15.15 \u2013 16.15 Predavanje Marta. Svetina: \u00bb<em>Predstavitev epidemiolo\u0161kih \u0161tudij mikrodoziranja z Amanita muscaria<\/em>\u00ab<br>16.30 \u2013 17.30 Skupni pogovor s predavatelji in zaklju\u010dek predavanj<\/p>\n\n\n\n<p><strong>Prispevek za predavanja:<\/strong> Kotizacija za predavanja in vegansko kosilo je v vrednosti 99 EUR. Kot prijava na prvi del simpozija se \u0161teje pla\u010dilo akontacije v vi\u0161ini 50 EUR.<\/p>\n\n\n\n<p>Odjava z vra\u010dilom akontacije je mo\u017ena do vklju\u010dno 25.7.2025.<\/p>\n\n\n\n<p><strong>Prijava za predavanja<\/strong>: Prijave z navedbo imena, priimka, kraja in telefona do vklju\u010dno 25.7.2025: <a href=\"mailto:info@zora-aurora.com\">info@zora-aurora.com<\/a>. Ob prijavi prosimo navedite, da se prijavljate samo na prvi del.<\/p>\n\n\n\n<p><strong>Dodatne informacije:<\/strong> Marta 040 132 727 ali <a href=\"mailto:info@zora-aurora.com\">info@zora-aurora.com<\/a><\/p>\n\n\n\n<hr class=\"wp-block-separator has-alpha-channel-opacity\"\/>\n\n\n\n<h3 class=\"wp-block-heading\">2. del: OBRED<\/h3>\n\n\n\n<p><em><strong>3.8. od 18h do 31.8.2025 12h<\/strong><\/em><\/p>\n\n\n\n<p>Ve\u010derni del simpozija je namenjen osebnemu stiku z rde\u010do mu\u0161nico v okviru obreda, ki ga bodo vodili vsi predavatelji. Sledi ve\u010derno dru\u017eenje ob ognju. Naslednji dan v nedeljo bomo v okviru integracijskega kroga delili na\u0161e izku\u0161enj. Za drugi del simpozija je omejeno \u0161tevilo prostih mest.<\/p>\n\n\n\n<h4 class=\"wp-block-heading\"><strong>Program obreda:<\/strong><\/h4>\n\n\n\n<p>SOBOTA<br>18.00 &#8211; 19.00 Ve\u010derja<br>19.00 &#8211; 20.00 Postavitev namere \u2013 priprava na stik z rde\u010do mu\u0161nico<br>20.00 \u2013 21.00 Skupinska priprava ognja<br>21.00 \u2013 23.00 Obred rde\u010de mu\u0161nice<br>23.00 \u2013 24.00 Bedenje ob ognju<\/p>\n\n\n\n<p>NEDELJA<br>08.30 &#8211; 09.30 Zajtrk<br>10.00 &#8211; 12.00 Delitev ob\u010dutij in zaklju\u010dek<\/p>\n\n\n\n<p><strong>Hrana in preno\u010di\u0161\u010de: <\/strong>Vklju\u010deni so trijeveganski obroki, preno\u010ditev na skupnih le\u017ei\u0161\u010dih senika, mo\u017enost spanja na jogiju, senu (omejeno \u0161t.) ali v lastnem \u0161otoru. Na\u010din preno\u010devanja in dodatne omejitve pri prehrani navedite pri prijavi.<\/p>\n\n\n\n<p><strong>Oprema<\/strong>: le\u017ealna blazina, za\u0161\u010dita pred klopi, topla obla\u010dila za zve\u010der, spalna vre\u010da, svetilka, obredno obla\u010dilo, za obred prinesite svoja glasbila.<\/p>\n\n\n\n<p><strong>Prispevek za celoten dogodek:<\/strong> Kotizacija za udele\u017ebo na celotnem dogodku (1. in 2. del simpozija) s predavanjem, obredom, vsemi obroki ter preno\u010ditvijo je 199 EUR.<br>Kot prijava se \u0161teje pla\u010dilo akontacije v vi\u0161ini 100 EUR.<br>Odjava z vra\u010dilom akontacije je mo\u017ena do vklju\u010dno 25.7.2025.<\/p>\n\n\n\n<p><strong>Prijava za celoten dogodek<\/strong>: Prijave z navedbo imena, priimka, kraja in telefona do vklju\u010dno 25.7.2025: <a href=\"mailto:info@zora-aurora.com\">info@zora-aurora.com<\/a>. \u0160tevilo mest je omejeno.<\/p>\n\n\n\n<p>Ob prijavi prosimo navedite, da se prijavljate na oba dela. Prijava samo na obred (2. del), brez predavanj (1. dela) ni mo\u017ena.<\/p>\n\n\n\n<p><strong>Dodatne informacije:<\/strong> Marta 040 132 727 ali <a href=\"mailto:info@zora-aurora.com\">info@zora-aurora.com<\/a><\/p>\n\n\n\n<figure class=\"wp-block-image size-full\"><img loading=\"lazy\" decoding=\"async\" width=\"923\" height=\"953\" src=\"https:\/\/zora-aurora.com\/wp-content\/uploads\/2025\/04\/Lepa1.jpg\" alt=\"\" class=\"wp-image-1347\" srcset=\"https:\/\/zora-aurora.com\/wp-content\/uploads\/2025\/04\/Lepa1.jpg 923w, https:\/\/zora-aurora.com\/wp-content\/uploads\/2025\/04\/Lepa1-291x300.jpg 291w, https:\/\/zora-aurora.com\/wp-content\/uploads\/2025\/04\/Lepa1-768x793.jpg 768w\" sizes=\"auto, (max-width: 923px) 100vw, 923px\" \/><\/figure>\n\n\n\n<hr class=\"wp-block-separator has-alpha-channel-opacity\"\/>\n\n\n\n<h4 class=\"wp-block-heading\"><strong>KRATEK POVZETEK VSEH \u0160TIRIH PREDAVANJ:<\/strong><\/h4>\n\n\n\n<p><em><strong>Lado Rot \u2013 Dr. Fungi: \u00bbKraljestvo gob in soo\u010denje z Rde\u010do mu\u0161nico\u00ab<\/strong><\/em><\/p>\n\n\n\n<p><em>Odpravili se bomo v svet gob, kjer bomo spoznali slovensko gobarsko zakonodajo, gozdni bonton in postopke dolo\u010danja razli\u010dnih vrst gob. Dotaknili se bomo u\u017eitnih, zdravilnih in strupenih gob, s posebnim poudarkom na Rde\u010di mu\u0161nici, ki ima v na\u0161em ekosistemu zelo pomembno vlogo. Lado Rot bo delil svoje znanje o tem, kako nas gobe lahko nahranijo, pozdravijo ali ubijejo, ter poudaril pomen znanja, zaupanja in spo\u0161tovanja pri delu z njimi. Dr. Fungi nam bo predstavil svoj gozdni laboratorij, kjer bomo spoznali njegove naravne pripravke iz gob in divjih zeli\u0161\u010d ter se nau\u010dili kako postati svoj lasten zdravilec in uresni\u010diti svojo pravo poslanstvo. Po predavanju bo Dr. Fungi na voljo tudi za osebne konzultacije in imeli boste edinstveno prilo\u017enost za nakup njegovih magi\u010dnih eleksirjev, ki podpirajo na\u0161e fizi\u010dno in energetsko telo ter nas povezujejo z na\u0161o du\u0161o.<\/em><\/p>\n\n\n\n<p><em><strong>Simon Prosen: \u00bbSkrivnostna Rde\u010da mu\u0161nica\u00ab<\/strong><\/em><\/p>\n\n\n\n<p><em>Rde\u010da mu\u0161nica je magi\u010dna gliva, ki je imela v na\u0161i preteklosti pomembno vlogo. Zaradi njenih odli\u010dnih lastnosti, ki delujejo na duhovno-energijsko polje \u010dloveka, je bila klju\u010dni element v kresni\u0161tvu, kot se je imenovala prvotna duhovna praksa na\u0161ih prednikov. Ker je tako zelo izjemna, je nujno, da do nje pristopimo z znanjem in globokim spo\u0161tovanjem. V na\u0161em bajeslovju je zelo mo\u010dno zastopana, kar potrjuje njeno uporabo vse od pradavnine. Lepo se dopolnjuje z lesno gobo, bukovo kresilko. Obe imata lastnosti, ki spodbujata dolgo\u017eivost.<\/em><\/p>\n\n\n\n<p><em><strong>Dunja Perko: \u00bbU\u010dinki rde\u010de mu\u0161nice in njena uporaba\u00ab<\/strong><\/em><\/p>\n\n\n\n<p><em>Rde\u010da mu\u0161nica je bila zaradi oznake &#8220;strupena&#8221; na nek na\u010din &#8220;prepovedana&#8221;. Posledi\u010dno je bila zavita v tan\u010dico skrivnosti, stigmatizacije in tabujev; izgubilo se je marsikatero uporabno tradicionalno znanje. A Mu\u0161nica je zelo uporabna, saj ima \u0161tevilne pozitivne u\u010dinke na telo, na psiho in na spiritualni razvoj. Tradicionalna vedenja zdaj dobivajo tudi potrditev v znanstvenih raziskovanjih, ki potrjujejo u\u010dinke na telo in mo\u017egane. Kot sveta medicina ima rde\u010da mu\u0161nica na posameznika mo\u010dan transformativen u\u010dinek. V na\u0161em prostoru je tradicionalno imela vlogo svete medicine in to terapevtsko vlogo \u0161e vedno lahko ima, \u010de ji damo pravo mesto in pravo spo\u0161tovanje. Pri \u010demer je izrednega namena postavitev namere, klic rastline in pravilen odmerek. Sama uporablja rde\u010do mu\u0161nico tudi v kombinaciji z vol\u010djo \u010de\u0161njo.<\/em><\/p>\n\n\n\n<p><em><strong>Marta Svetina: \u00bbPredstavitev epidemiolo\u0161kih \u0161tudij mikrodoziranja z Amanita muscaria\u00ab<\/strong><\/em><\/p>\n\n\n\n<p><em>Predstavljeni bodo raziskovani rezultati prve mednarodne \u0161tudije o zdravilnih u\u010dinkih mikrodoziranja z Amanita muscaria. Ruska anonimna zdravnica dokumentira rezultate 3000 prostovoljcev, ki so preverjali pozitivne in negativne u\u010dinke pri uporabi rde\u010de mu\u0161nice. Ugotovljena je podpora pri zdravljenju hormonskih motenj, nizkega libida, alergij, astme, oteklin, vnetja dlesni, glivic na nohtih, prebavnih te\u017eav in ko\u017enih bolezni, kot sta ekcem in luskavica, ter okrevanje po kapi in sr\u010dnem zastoju. Poleg tega blagodejno u\u010dinkuje pri depresiji, epilepsiji, hipertenziji, nespe\u010dnosti in zmanj\u0161anem apetitu, pri laj\u0161anju bole\u010din, tudi v primerih revmatoidnega artritisa, menstrualnih bole\u010din in migrene. Mikrodoze rde\u010de mu\u0161nice odpravljajo odvisnost od alkohola, nikotina, kofeina, opiatov in drugih narkotikov. \u0160tudija razkriva ogromen zdravilni potencial rde\u010de mu\u0161nice, ne zgolj pri \u0161tevilnih zdravstvenih te\u017eavah, ampak tudi kot podpora za kvalitetnej\u0161e \u017eivljenje.<\/em><\/p>\n\n\n\n<figure class=\"wp-block-image size-large\"><img loading=\"lazy\" decoding=\"async\" width=\"743\" height=\"1024\" src=\"https:\/\/zora-aurora.com\/wp-content\/uploads\/2025\/04\/Muska1-743x1024.jpg\" alt=\"\" class=\"wp-image-1348\" srcset=\"https:\/\/zora-aurora.com\/wp-content\/uploads\/2025\/04\/Muska1-743x1024.jpg 743w, https:\/\/zora-aurora.com\/wp-content\/uploads\/2025\/04\/Muska1-218x300.jpg 218w, https:\/\/zora-aurora.com\/wp-content\/uploads\/2025\/04\/Muska1-768x1058.jpg 768w, https:\/\/zora-aurora.com\/wp-content\/uploads\/2025\/04\/Muska1.jpg 922w\" sizes=\"auto, (max-width: 743px) 100vw, 743px\" \/><\/figure>\n\n\n\n<h4 class=\"wp-block-heading\"><strong>Predavatelji<\/strong><\/h4>\n\n\n\n<h5 class=\"wp-block-heading\"><br>Lado Rot \u2013 Dr. Fungi<\/h5>\n\n\n\n<div class=\"wp-block-columns is-layout-flex wp-container-core-columns-is-layout-28f84493 wp-block-columns-is-layout-flex\">\n<div class=\"wp-block-column is-layout-flow wp-block-column-is-layout-flow\">\n<figure class=\"wp-block-image aligncenter size-full\"><img loading=\"lazy\" decoding=\"async\" width=\"638\" height=\"600\" src=\"https:\/\/zora-aurora.com\/wp-content\/uploads\/2025\/04\/rot.jpg\" alt=\"\" class=\"wp-image-1342\" srcset=\"https:\/\/zora-aurora.com\/wp-content\/uploads\/2025\/04\/rot.jpg 638w, https:\/\/zora-aurora.com\/wp-content\/uploads\/2025\/04\/rot-300x282.jpg 300w\" sizes=\"auto, (max-width: 638px) 100vw, 638px\" \/><\/figure>\n<\/div>\n\n\n\n<div class=\"wp-block-column is-layout-flow wp-block-column-is-layout-flow\">\n<p>Lado Rot, znan kot Dr. Fungi, zdravilec, alkimist in determinator gob, \u010dlan Gobarskega dru\u0161tva Ig, je lastnik platforme Shaman.si in zavoda Lifetime Experience, preko katerega organizira delavnice, umike, predavanja in ekskluzivna do\u017eivetja, ki pomagajo ljudem dose\u010di notranje ravnovesje in povezavo z naravo ter samim seboj.<\/p>\n<\/div>\n<\/div>\n\n\n\n<p>Kot javni govorec, ki je aktiven po vsem svetu ljudi pou\u010duje, kako sobivati z glivami ter kako si s tradicionalnimi znanji na\u0161ih prednikov lahko pomagamo do bolj\u0161ega zdravja in po\u010dutja. V svojem &#8220;gozdnem laboratoriju&#8221; pripravlja naravne tinkture in olja iz zdravilnih gob in rastlin, ki spodbujajo telesno, mentalno in duhovno zdravje. Lado Rot je \u010dlan svetovnih transformerjev \u00bbWe Love Transformational Travel\u00ab iz Dubaja in ambasador najve\u010djega Retreat Showa na svetu \u2013 Synergy (ZDA). Za svoje delovanje je prejel \u0161tevilne nagrade, med njimi tudi presti\u017eno priznanje Slovenske turisti\u010dne organizacije za do\u017eivetje Dr. Fungi: \u00bbMi gremo po gobe!\u00ab.<\/p>\n\n\n\n<p><\/p>\n\n\n\n<h5 class=\"wp-block-heading\">Simon Prosen<\/h5>\n\n\n\n<div class=\"wp-block-columns is-layout-flex wp-container-core-columns-is-layout-28f84493 wp-block-columns-is-layout-flex\">\n<div class=\"wp-block-column is-layout-flow wp-block-column-is-layout-flow\">\n<figure class=\"wp-block-image aligncenter size-full\"><img loading=\"lazy\" decoding=\"async\" width=\"652\" height=\"979\" src=\"https:\/\/zora-aurora.com\/wp-content\/uploads\/2025\/04\/simon.jpg\" alt=\"\" class=\"wp-image-1343\" srcset=\"https:\/\/zora-aurora.com\/wp-content\/uploads\/2025\/04\/simon.jpg 652w, https:\/\/zora-aurora.com\/wp-content\/uploads\/2025\/04\/simon-200x300.jpg 200w\" sizes=\"auto, (max-width: 652px) 100vw, 652px\" \/><\/figure>\n<\/div>\n\n\n\n<div class=\"wp-block-column is-layout-flow wp-block-column-is-layout-flow\">\n<p>Sem Simon Prosen, povesti\u010dar. Po svoji vesti raziskujem slovensko preteklost, duhovnost in bajeslovje. Vse troje so predniki imenovali povest, ki je stara slovenska beseda za zgodovino. Kot povesti\u010dar na predavanjih in delavnicah predajam staro v\u00e9denje in modrost, ki sta uporabna \u0161e dandanes. Predvsem se posve\u010dam kresni\u0161tvu, osebnim odnosom, magi\u010dnim gobam, obredom, duhovnosti. Imam bogat opus razli\u010dnih prispevkov, sem tudi avtor knjige <a href=\"https:\/\/www.facebook.com\/povest.si\"><u>Povest o koreninah Slovencev<\/u><\/a>. <\/p>\n<\/div>\n<\/div>\n\n\n\n<p>\u010ce \u017eelite izvedeti ve\u010d, kliknite na povezavo <a href=\"https:\/\/forms.gle\/1xPNc5GEk1fj3KWM8\"><u>PoVEST<\/u><\/a> in vpi\u0161ite svoj e-mail naslov, za namen obve\u0161\u010danja o mojih dogodkih in aktivnostih. Lahko me sledite na FB<br><a href=\"https:\/\/www.facebook.com\/simon.prosen\"><u>Simon Prosen<\/u><\/a>, <a href=\"https:\/\/www.instagram.com\/simon_prosen\/\"><u>Instagramu<\/u><\/a> in na portalu <a href=\"https:\/\/independent.academia.edu\/SimonProsen\"><u>Academia<\/u><\/a>.<\/p>\n\n\n\n<p><\/p>\n\n\n\n<h5 class=\"wp-block-heading\">Dunja Perko<\/h5>\n\n\n\n<div class=\"wp-block-columns is-layout-flex wp-container-core-columns-is-layout-28f84493 wp-block-columns-is-layout-flex\">\n<div class=\"wp-block-column is-layout-flow wp-block-column-is-layout-flow\">\n<figure class=\"wp-block-image alignleft size-large is-resized\"><img loading=\"lazy\" decoding=\"async\" width=\"768\" height=\"1024\" src=\"https:\/\/zora-aurora.com\/wp-content\/uploads\/2025\/04\/dunja-768x1024.jpg\" alt=\"\" class=\"wp-image-1344\" style=\"width:261px;height:auto\" srcset=\"https:\/\/zora-aurora.com\/wp-content\/uploads\/2025\/04\/dunja-768x1024.jpg 768w, https:\/\/zora-aurora.com\/wp-content\/uploads\/2025\/04\/dunja-225x300.jpg 225w, https:\/\/zora-aurora.com\/wp-content\/uploads\/2025\/04\/dunja-1152x1536.jpg 1152w, https:\/\/zora-aurora.com\/wp-content\/uploads\/2025\/04\/dunja.jpg 1536w\" sizes=\"auto, (max-width: 768px) 100vw, 768px\" \/><\/figure>\n<\/div>\n\n\n\n<div class=\"wp-block-column is-layout-flow wp-block-column-is-layout-flow\">\n<p>Dunja Perko deluje pod okriljem Reviving Inner Wisdom s.p. in raziskuje tehnike, ki nam pomagajo odkriti na\u0161e notranje spomine in modrosti. Pri svojem delu integrira tradicionalno kitajsko medicino, chi nei tsang, nevromehaniko, transakcijsko analizo, tesla metamorfozo in razli\u010dne tehnike \u0161amanskega zdravljenja. O\u017eivlja sveto medicino, ki je bila tradicionalno prisotna v slovenskem prostoru. <\/p>\n<\/div>\n<\/div>\n\n\n\n<p>Zeli\u0161\u010da so ji bila polo\u017eena v zibelko, saj jo je \u017ee prababica pou\u010devala o nabiranju zeli\u0161\u010d. K uporabi zeli\u0161\u010d se je vrnila, ko je imela svoje izzive in je sama preizkusila terapevtske koristi vol\u010dje \u010de\u0161nje in rde\u010de mu\u0161nice. Izku\u0161nje je nadgradila s \u0161tudijem uporabe psihadelikov v terapevtske namene. V zadnjem \u010dasu se je posvetila zdravljenju v vodi in z vodo, saj jo voda in pa globina izku\u0161nje zdravljenja v vodi vedno znova fascinira. Janzu je spoznavala na Mad\u017earskem in v Mehiki, aquasomo\u00ae pa v \u0160paniji.<\/p>\n\n\n\n<p><\/p>\n\n\n\n<h5 class=\"wp-block-heading\">Dr. Marta Svetina Veder<\/h5>\n\n\n\n<div class=\"wp-block-columns is-layout-flex wp-container-core-columns-is-layout-28f84493 wp-block-columns-is-layout-flex\">\n<div class=\"wp-block-column is-layout-flow wp-block-column-is-layout-flow\">\n<figure class=\"wp-block-image size-full\"><img loading=\"lazy\" decoding=\"async\" width=\"960\" height=\"945\" src=\"https:\/\/zora-aurora.com\/wp-content\/uploads\/2025\/04\/marta.jpg\" alt=\"\" class=\"wp-image-1345\" srcset=\"https:\/\/zora-aurora.com\/wp-content\/uploads\/2025\/04\/marta.jpg 960w, https:\/\/zora-aurora.com\/wp-content\/uploads\/2025\/04\/marta-300x295.jpg 300w, https:\/\/zora-aurora.com\/wp-content\/uploads\/2025\/04\/marta-768x756.jpg 768w\" sizes=\"auto, (max-width: 960px) 100vw, 960px\" \/><\/figure>\n<\/div>\n\n\n\n<div class=\"wp-block-column is-layout-flow wp-block-column-is-layout-flow\">\n<p>Marta je raziskovalka in predavateljica, ki je \u017ee od zibelke globoko povezana z naravo in \u017eensko platjo dru\u017eine. Mladost je pre\u017eivela v divjih in odro\u010dnih krajih vasi Zavodenj. Kasneje raziskovala \u0161irni svet po dolgem in po\u010dez in vzljubila ter se za vedno povezala z Japonsko, danes pa s svojima h\u010derkama ponovno \u017eivi v divjih krajih, na gorski kmetiji v obrobju Zgornje-savinjske doline. <\/p>\n<\/div>\n<\/div>\n\n\n\n<p>Karierna pot jo je vodila v znanstvene, podjetni\u0161ke in uradne kroge. Srce pa jo od mladih dni kli\u010de v naravo in v raziskovanje neznanega; njena strast so mejne znanosti in ljudska izro\u010dila. \u017de kot otrok je prebrala vedno vse pravljice in ljudske pripovedke. Danes se poglablja v raziskovanje prakti\u010dnih vidikov ezoterike in o\u017eivlja starodavne avtohtone prakse obredja, med drugim je tudi mojstrica hoje preko \u017eerjavice. Marta je idejna snovateljica <a href=\"https:\/\/zora-aurora.com\/\" data-type=\"link\" data-id=\"https:\/\/zora-aurora.com\/\">Skupnosti Zora<\/a>  in \u00bb\u0160ole tradicionalnih v\u00e9denj po izro\u010dilih\u00ab skupaj z drugimi mentorji.<\/p>\n\n\n\n<p><\/p>\n","protected":false},"excerpt":{"rendered":"<p>Datum: 2. in 3. avgust 2025Lokacija: Kmetija Dobrovc na Dobrovljah pri MozirjuOrganizator: Skupnost Zora OPIS DOGODKA: Dogodek je namenjen izobra\u017eevanju in dru\u017eenju na temo rde\u010de mu\u0161nice, ki je imela pomembno vlogo v tradicionalnih obredih tako pri nas kot drugod po svetu. \u017de najstarej\u0161i zapisi v Rig vedah so omenjali napitek iz rde\u010de mu\u0161nice kot pija\u010do [&hellip;]<\/p>\n","protected":false},"author":1,"featured_media":1322,"comment_status":"open","ping_status":"open","sticky":false,"template":"","format":"standard","meta":{"om_disable_all_campaigns":false,"wprm-recipe-roundup-name":"","wprm-recipe-roundup-description":"","_monsterinsights_skip_tracking":false,"_monsterinsights_sitenote_active":false,"_monsterinsights_sitenote_note":"","_monsterinsights_sitenote_category":0,"footnotes":""},"categories":[1],"tags":[],"class_list":["post-1319","post","type-post","status-publish","format-standard","has-post-thumbnail","hentry","category-delavnice"],"jetpack_featured_media_url":"https:\/\/zora-aurora.com\/wp-content\/uploads\/2025\/04\/AMANITAm.jpg","_links":{"self":[{"href":"https:\/\/zora-aurora.com\/index.php?rest_route=\/wp\/v2\/posts\/1319","targetHints":{"allow":["GET"]}}],"collection":[{"href":"https:\/\/zora-aurora.com\/index.php?rest_route=\/wp\/v2\/posts"}],"about":[{"href":"https:\/\/zora-aurora.com\/index.php?rest_route=\/wp\/v2\/types\/post"}],"author":[{"embeddable":true,"href":"https:\/\/zora-aurora.com\/index.php?rest_route=\/wp\/v2\/users\/1"}],"replies":[{"embeddable":true,"href":"https:\/\/zora-aurora.com\/index.php?rest_route=%2Fwp%2Fv2%2Fcomments&post=1319"}],"version-history":[{"count":10,"href":"https:\/\/zora-aurora.com\/index.php?rest_route=\/wp\/v2\/posts\/1319\/revisions"}],"predecessor-version":[{"id":1556,"href":"https:\/\/zora-aurora.com\/index.php?rest_route=\/wp\/v2\/posts\/1319\/revisions\/1556"}],"wp:featuredmedia":[{"embeddable":true,"href":"https:\/\/zora-aurora.com\/index.php?rest_route=\/wp\/v2\/media\/1322"}],"wp:attachment":[{"href":"https:\/\/zora-aurora.com\/index.php?rest_route=%2Fwp%2Fv2%2Fmedia&parent=1319"}],"wp:term":[{"taxonomy":"category","embeddable":true,"href":"https:\/\/zora-aurora.com\/index.php?rest_route=%2Fwp%2Fv2%2Fcategories&post=1319"},{"taxonomy":"post_tag","embeddable":true,"href":"https:\/\/zora-aurora.com\/index.php?rest_route=%2Fwp%2Fv2%2Ftags&post=1319"}],"curies":[{"name":"wp","href":"https:\/\/api.w.org\/{rel}","templated":true}]}}