{"id":1095,"date":"2025-01-16T11:06:33","date_gmt":"2025-01-16T11:06:33","guid":{"rendered":"https:\/\/zora-aurora.com\/?p=1095"},"modified":"2025-01-16T14:51:20","modified_gmt":"2025-01-16T14:51:20","slug":"odpiranje-prvinskega-glasu","status":"publish","type":"post","link":"https:\/\/zora-aurora.com\/?p=1095","title":{"rendered":"Odpiranje prvinskega glasu"},"content":{"rendered":"\n<h3 class=\"wp-block-heading\">z Mojko \u017dagar<\/h3>\n\n\n\n<p class=\"\">Tako kot se po\u010dutimo, tako zvenimo. In obratno. Na\u0161a \u010dustva in misli, stiske, radosti \u2026 \u2212 vse to da glasu polet ali pa ga zadrgne. Na delavnici bomo \u00bbodvozlavali\u00ab svoje zakr\u010denosti, spro\u0161\u010dali svoje telo in glasu omogo\u010dali prosto pot na plano. In lahkotnej\u0161e ter bolj uravnove\u0161eno bo tudi na\u0161e po\u010dutje, saj nam bo spro\u0161\u010deno petje pomagalo meh\u010dati na\u0161e energijske blokade ter se ugla\u0161evati s seboj. Ustvarjali bomo zanimiva sozvo\u010dja v skupnem zvenenju, se u\u010dili prisluhniti drug drugemu in ga podpreti v njegovem raziskovanju in edinstvenem glasovnem izra\u017eanju. In seveda zapeli tudi kak\u0161no pesem.<\/p>\n\n\n\n<figure class=\"wp-block-image size-full\"><img loading=\"lazy\" decoding=\"async\" width=\"1000\" height=\"667\" src=\"https:\/\/zora-aurora.com\/wp-content\/uploads\/2025\/01\/26273.jpg\" alt=\"\" class=\"wp-image-1091\" srcset=\"https:\/\/zora-aurora.com\/wp-content\/uploads\/2025\/01\/26273.jpg 1000w, https:\/\/zora-aurora.com\/wp-content\/uploads\/2025\/01\/26273-300x200.jpg 300w, https:\/\/zora-aurora.com\/wp-content\/uploads\/2025\/01\/26273-768x512.jpg 768w\" sizes=\"auto, (max-width: 1000px) 100vw, 1000px\" \/><figcaption class=\"wp-element-caption\"><sub><sup>Image by wirestock on Freepik<\/sup><\/sub><\/figcaption><\/figure>\n\n\n\n<p class=\"\">U\u010denje naravnega petja in nege glasu ponuja pomo\u010d, oporo in smernice pri raziskovanju, spoznavanju in razvijanju lastnega zvena, spo\u0161tujo\u010d in spodbujajo\u010d <strong>enkratnost vsakega posameznika<\/strong>. Namenjeno je vsakomur, ne glede na starost, glasbeno predznanje, razvitost posluha, pevske ambicije\u2026<\/p>\n\n\n\n<p class=\"\">Skupinske delavnice prebujanja glasu, ki se \u017ee nekaj \u010dasa ob\u010dasno izvajajo v \u0160entvidu pri Sti\u010dni, so prav lepo za\u017eivele in pojavila se je pobuda, da se ponudi kak\u0161na tudi na savinjskem koncu.<\/p>\n\n\n\n<figure class=\"wp-block-image size-full\"><img loading=\"lazy\" decoding=\"async\" width=\"181\" height=\"145\" src=\"https:\/\/zora-aurora.com\/wp-content\/uploads\/2025\/01\/Mojka_Zagar-nega_glasu-portret.jpg\" alt=\"\" class=\"wp-image-1090\"\/><\/figure>\n\n\n\n<p class=\"\">Ve\u010d informacij: <a href=\"https:\/\/www.mojka.si\" target=\"_blank\" rel=\"noreferrer noopener\">https:\/\/www.mojka.si<\/a><\/p>\n\n\n\n<p class=\"\"><strong>Kdaj: 12.4.2025 ob 14h<\/strong><br><strong>Kje: Dobrovlje pri Mozirju<\/strong><br><strong>Prispevek: 40 EUR<\/strong><br><strong>Prijave na: <a href=\"mailto:marta.veder@gmail.com\">marta.veder@gmail.com<\/a><\/strong><\/p>\n","protected":false},"excerpt":{"rendered":"<p>z Mojko \u017dagar Tako kot se po\u010dutimo, tako zvenimo. In obratno. Na\u0161a \u010dustva in misli, stiske, radosti \u2026 \u2212 vse to da glasu polet ali pa ga zadrgne. Na delavnici bomo \u00bbodvozlavali\u00ab svoje zakr\u010denosti, spro\u0161\u010dali svoje telo in glasu omogo\u010dali prosto pot na plano. In lahkotnej\u0161e ter bolj uravnove\u0161eno bo tudi na\u0161e po\u010dutje, saj nam [&hellip;]<\/p>\n","protected":false},"author":1,"featured_media":0,"comment_status":"open","ping_status":"open","sticky":false,"template":"","format":"standard","meta":{"om_disable_all_campaigns":false,"wprm-recipe-roundup-name":"","wprm-recipe-roundup-description":"","_monsterinsights_skip_tracking":false,"_monsterinsights_sitenote_active":false,"_monsterinsights_sitenote_note":"","_monsterinsights_sitenote_category":0,"footnotes":""},"categories":[1],"tags":[],"class_list":["post-1095","post","type-post","status-publish","format-standard","hentry","category-delavnice"],"jetpack_featured_media_url":"","_links":{"self":[{"href":"https:\/\/zora-aurora.com\/index.php?rest_route=\/wp\/v2\/posts\/1095","targetHints":{"allow":["GET"]}}],"collection":[{"href":"https:\/\/zora-aurora.com\/index.php?rest_route=\/wp\/v2\/posts"}],"about":[{"href":"https:\/\/zora-aurora.com\/index.php?rest_route=\/wp\/v2\/types\/post"}],"author":[{"embeddable":true,"href":"https:\/\/zora-aurora.com\/index.php?rest_route=\/wp\/v2\/users\/1"}],"replies":[{"embeddable":true,"href":"https:\/\/zora-aurora.com\/index.php?rest_route=%2Fwp%2Fv2%2Fcomments&post=1095"}],"version-history":[{"count":10,"href":"https:\/\/zora-aurora.com\/index.php?rest_route=\/wp\/v2\/posts\/1095\/revisions"}],"predecessor-version":[{"id":1117,"href":"https:\/\/zora-aurora.com\/index.php?rest_route=\/wp\/v2\/posts\/1095\/revisions\/1117"}],"wp:attachment":[{"href":"https:\/\/zora-aurora.com\/index.php?rest_route=%2Fwp%2Fv2%2Fmedia&parent=1095"}],"wp:term":[{"taxonomy":"category","embeddable":true,"href":"https:\/\/zora-aurora.com\/index.php?rest_route=%2Fwp%2Fv2%2Fcategories&post=1095"},{"taxonomy":"post_tag","embeddable":true,"href":"https:\/\/zora-aurora.com\/index.php?rest_route=%2Fwp%2Fv2%2Ftags&post=1095"}],"curies":[{"name":"wp","href":"https:\/\/api.w.org\/{rel}","templated":true}]}}